{"id":637,"date":"2026-06-22T09:50:00","date_gmt":"2026-06-22T08:50:00","guid":{"rendered":"https:\/\/www.jeromebueche.ch\/?p=637"},"modified":"2026-09-01T09:52:14","modified_gmt":"2026-09-01T08:52:14","slug":"jours-joker-a-lecole-obligatoire-faire-confiance-aux-familles","status":"publish","type":"post","link":"https:\/\/www.jeromebueche.ch\/?p=637","title":{"rendered":"Jours joker \u00e0 l\u2019\u00e9cole obligatoire : faire confiance aux familles"},"content":{"rendered":"\n<p class=\"wp-block-paragraph\"><\/p>\n\n\n\n<p class=\"p3 wp-block-paragraph\">Le 19 juin 2026, j\u2019ai d\u00e9pos\u00e9 au Grand Conseil neuch\u00e2telois l\u2019interpellation 26.141 intitul\u00e9e <strong>\u00ab Jours joker \u00e0 l\u2019\u00e9cole obligatoire : davantage de confiance envers les familles ? \u00bb<\/strong><\/p>\n\n\n\n<p class=\"p3 wp-block-paragraph\">L\u2019id\u00e9e est simple : savoir si notre canton pourrait s\u2019inspirer de ce qui existe d\u00e9j\u00e0 ailleurs, notamment \u00e0 Fribourg ou en Valais, en permettant aux parents de disposer d\u2019un nombre tr\u00e8s limit\u00e9 de demi-journ\u00e9es ou journ\u00e9es de cong\u00e9 pour leurs enfants, sans devoir fournir une justification d\u00e9taill\u00e9e.<\/p>\n\n\n\n<p class=\"p3 wp-block-paragraph\">Il ne s\u2019agit \u00e9videmment pas de transformer l\u2019\u00e9cole obligatoire en \u00e9cole \u00e0 la carte. L\u2019\u00e9cole doit rester obligatoire, le suivi des \u00e9l\u00e8ves doit rester s\u00e9rieux et certaines p\u00e9riodes \u2014 examens, camps, sorties scolaires importantes ou premiers jours de rentr\u00e9e \u2014 doivent pouvoir \u00eatre exclues d\u2019un tel dispositif.<\/p>\n\n\n\n<p class=\"p3 wp-block-paragraph\">Mais entre l\u2019absence injustifi\u00e9e et le dossier de plaidoirie familiale pour obtenir une demi-journ\u00e9e de cong\u00e9, il y a sans doute une voie plus simple.<\/p>\n\n\n\n<p class=\"p3 wp-block-paragraph\">Aujourd\u2019hui, les pratiques peuvent varier selon les cercles scolaires, les \u00e9tablissements ou les directions. Cela peut cr\u00e9er un sentiment d\u2019in\u00e9galit\u00e9 de traitement. Cela peut aussi pousser certains parents \u00e0 chercher le \u201cbon\u201d motif, celui qui passera mieux, plut\u00f4t que d\u2019expliquer simplement la r\u00e9alit\u00e9 de leur situation.<\/p>\n\n\n\n<p class=\"p3 wp-block-paragraph\">Ce n\u2019est bon ni pour l\u2019\u00e9cole, ni pour les familles, ni pour la confiance entre les deux.<\/p>\n\n\n\n<p class=\"p3 wp-block-paragraph\">Quelques jours joker, clairement encadr\u00e9s, non reportables et annonc\u00e9s \u00e0 l\u2019avance, permettraient au contraire de poser une r\u00e8gle simple : chaque famille dispose d\u2019une petite marge de souplesse, elle l\u2019utilise de mani\u00e8re responsable, et elle assume le suivi du travail manqu\u00e9.<\/p>\n\n\n\n<p class=\"p3 wp-block-paragraph\">Cette souplesse peut aussi avoir une vraie importance pour le budget des familles. Pouvoir anticiper \u2014 et non prolonger \u2014 un d\u00e9part d\u2019une demi-journ\u00e9e ou d\u2019une journ\u00e9e peut parfois faire une diff\u00e9rence sensible sur le prix d\u2019un billet de train, d\u2019avion ou d\u2019un h\u00e9bergement. Pour les familles de la classe moyenne, pour celles dont une partie des proches vit \u00e0 l\u2019\u00e9tranger, ou simplement pour celles qui doivent jongler entre \u00e9cole, travail et organisation familiale, ce n\u2019est pas un d\u00e9tail.<\/p>\n\n\n\n<p class=\"p3 wp-block-paragraph\">On parle ici de quelques jours dans toute une ann\u00e9e scolaire. Pas d\u2019un blanc-seing. Pas d\u2019un droit \u00e0 l\u2019absent\u00e9isme. Juste d\u2019un peu de confiance, dans un cadre clair.<\/p>\n\n\n\n<p class=\"p3 wp-block-paragraph\">Mon objectif est donc d\u2019obtenir une vision du Conseil d\u2019\u00c9tat : existe-t-il d\u00e9j\u00e0 une vue d\u2019ensemble des pratiques actuelles ? Les diff\u00e9rences entre cercles scolaires sont-elles importantes ? Faut-il harmoniser les r\u00e8gles ? Et quelles seraient les cons\u00e9quences p\u00e9dagogiques et organisationnelles d\u2019un tel syst\u00e8me ?<\/p>\n\n\n\n<p class=\"p3 wp-block-paragraph\">La politique doit aussi servir \u00e0 cela : identifier les petites rigidit\u00e9s du quotidien et voir si l\u2019on peut les remplacer par des r\u00e8gles plus simples, plus transparentes et plus justes.<\/p>\n\n\n\n<p class=\"p3 wp-block-paragraph\">Faire confiance aux familles, ce n\u2019est pas affaiblir l\u2019\u00e9cole. C\u2019est renforcer le lien entre l\u2019\u00e9cole et les parents.<\/p>\n\n\n\n<p class=\"p4 wp-block-paragraph\">L\u2019interpellation compl\u00e8te peut \u00eatre consult\u00e9e ici : <a href=\"https:\/\/www.ne.ch\/sites\/default\/files\/2026-06\/26141.pdf\">Interpellation 26.141 \u2013 Jours joker \u00e0 l\u2019\u00e9cole obligatoire<\/a><\/p>\n\n\n\n<figure class=\"wp-block-image size-large\"><img data-recalc-dims=\"1\" loading=\"lazy\" decoding=\"async\" width=\"740\" height=\"555\" src=\"https:\/\/i0.wp.com\/www.jeromebueche.ch\/wp-content\/uploads\/2026\/09\/8d8cf6f8-babb-4a7d-acfa-56186976fd06.png?resize=740%2C555&#038;ssl=1\" class=\"wp-image-635\" srcset=\"https:\/\/i0.wp.com\/www.jeromebueche.ch\/wp-content\/uploads\/2026\/09\/8d8cf6f8-babb-4a7d-acfa-56186976fd06.png?resize=1024%2C768&amp;ssl=1 1024w, https:\/\/i0.wp.com\/www.jeromebueche.ch\/wp-content\/uploads\/2026\/09\/8d8cf6f8-babb-4a7d-acfa-56186976fd06.png?resize=300%2C225&amp;ssl=1 300w, https:\/\/i0.wp.com\/www.jeromebueche.ch\/wp-content\/uploads\/2026\/09\/8d8cf6f8-babb-4a7d-acfa-56186976fd06.png?resize=768%2C576&amp;ssl=1 768w, https:\/\/i0.wp.com\/www.jeromebueche.ch\/wp-content\/uploads\/2026\/09\/8d8cf6f8-babb-4a7d-acfa-56186976fd06.png?resize=720%2C540&amp;ssl=1 720w, https:\/\/i0.wp.com\/www.jeromebueche.ch\/wp-content\/uploads\/2026\/09\/8d8cf6f8-babb-4a7d-acfa-56186976fd06.png?w=1448&amp;ssl=1 1448w\" sizes=\"auto, (max-width: 740px) 100vw, 740px\" \/><\/figure>\n","protected":false},"excerpt":{"rendered":"<p>Le 19 juin 2026, j\u2019ai d\u00e9pos\u00e9 au Grand Conseil neuch\u00e2telois l\u2019interpellation 26.141 intitul\u00e9e \u00ab Jours joker \u00e0 l\u2019\u00e9cole obligatoire : davantage de confiance envers les familles&#46;&#46;&#46;<\/p>\n","protected":false},"author":1,"featured_media":636,"comment_status":"open","ping_status":"open","sticky":false,"template":"","format":"standard","meta":{"_monsterinsights_skip_tracking":false,"_jetpack_newsletter_access":"","_jetpack_dont_email_post_to_subs":false,"_jetpack_newsletter_tier_id":0,"_jetpack_memberships_contains_paywalled_content":false,"_jetpack_feature_clip_id":0,"_jetpack_memberships_contains_paid_content":false,"footnotes":"","jetpack_publicize_message":"","jetpack_publicize_feature_enabled":true,"jetpack_social_post_already_shared":true,"jetpack_social_options":{"image_generator_settings":{"template":"highway","default_image_id":0,"font":"","enabled":false},"version":2},"jetpack_post_was_ever_published":false},"categories":[16,6],"tags":[35,10],"class_list":["post-637","post","type-post","status-publish","format-standard","has-post-thumbnail","hentry","category-cantonale","category-politique","tag-ecole","tag-neuchatel"],"jetpack_publicize_connections":[],"jetpack_shortlink":"https:\/\/wp.me\/p2hxsP-ah","jetpack_sharing_enabled":true,"jetpack_featured_media_url":"https:\/\/i0.wp.com\/www.jeromebueche.ch\/wp-content\/uploads\/2026\/09\/8d8cf6f8-babb-4a7d-acfa-56186976fd06-1.png?fit=1448%2C1086&ssl=1","_links":{"self":[{"href":"https:\/\/www.jeromebueche.ch\/index.php?rest_route=\/wp\/v2\/posts\/637","targetHints":{"allow":["GET"]}}],"collection":[{"href":"https:\/\/www.jeromebueche.ch\/index.php?rest_route=\/wp\/v2\/posts"}],"about":[{"href":"https:\/\/www.jeromebueche.ch\/index.php?rest_route=\/wp\/v2\/types\/post"}],"author":[{"embeddable":true,"href":"https:\/\/www.jeromebueche.ch\/index.php?rest_route=\/wp\/v2\/users\/1"}],"replies":[{"embeddable":true,"href":"https:\/\/www.jeromebueche.ch\/index.php?rest_route=%2Fwp%2Fv2%2Fcomments&post=637"}],"version-history":[{"count":1,"href":"https:\/\/www.jeromebueche.ch\/index.php?rest_route=\/wp\/v2\/posts\/637\/revisions"}],"predecessor-version":[{"id":638,"href":"https:\/\/www.jeromebueche.ch\/index.php?rest_route=\/wp\/v2\/posts\/637\/revisions\/638"}],"wp:featuredmedia":[{"embeddable":true,"href":"https:\/\/www.jeromebueche.ch\/index.php?rest_route=\/wp\/v2\/media\/636"}],"wp:attachment":[{"href":"https:\/\/www.jeromebueche.ch\/index.php?rest_route=%2Fwp%2Fv2%2Fmedia&parent=637"}],"wp:term":[{"taxonomy":"category","embeddable":true,"href":"https:\/\/www.jeromebueche.ch\/index.php?rest_route=%2Fwp%2Fv2%2Fcategories&post=637"},{"taxonomy":"post_tag","embeddable":true,"href":"https:\/\/www.jeromebueche.ch\/index.php?rest_route=%2Fwp%2Fv2%2Ftags&post=637"}],"curies":[{"name":"wp","href":"https:\/\/api.w.org\/{rel}","templated":true}]}}